{"id":9959,"date":"2025-09-01T12:27:55","date_gmt":"2025-09-01T17:27:55","guid":{"rendered":"https:\/\/plenus.edu.mx\/?p=9959"},"modified":"2025-09-01T12:27:56","modified_gmt":"2025-09-01T17:27:56","slug":"regreso-a-clases-en-plenus-como-acompanar-desde-la-casa-a-un-hijo-que-aprende-con-liderazgo-y-valores","status":"publish","type":"post","link":"https:\/\/plenus.edu.mx\/blog\/regreso-a-clases-en-plenus-como-acompanar-desde-la-casa-a-un-hijo-que-aprende-con-liderazgo-y-valores\/","title":{"rendered":"Regreso a clases en Plenus: \u00bfc\u00f3mo acompa\u00f1ar desde la casa a un hijo que aprende con liderazgo y valores?"},"content":{"rendered":"\n<h2 class=\"wp-block-heading\"><strong>La perspectiva de los padres<\/strong><\/h2>\n\n\n\n<p class=\"wp-block-paragraph\">Para los padres de familia, el regreso a clases significa mucho m\u00e1s que preparar \u00fatiles escolares: es la oportunidad de acompa\u00f1ar a sus hijos en un proceso de crecimiento personal y acad\u00e9mico. Cada inicio de ciclo representa un momento clave para fortalecer la comunicaci\u00f3n en casa y reforzar valores que complementan la formaci\u00f3n escolar.<\/p>\n\n\n\n<h2 class=\"wp-block-heading\"><strong>La importancia del acompa\u00f1amiento<\/strong><\/h2>\n\n\n\n<p class=\"wp-block-paragraph\">El apoyo de la familia influye directamente en la confianza y seguridad del alumno. Un hijo que siente respaldo en casa llega a la escuela con m\u00e1s motivaci\u00f3n, mejor disposici\u00f3n al aprendizaje y mayor capacidad para resolver desaf\u00edos.<\/p>\n\n\n\n<p class=\"wp-block-paragraph\">El acompa\u00f1amiento no se limita a revisar tareas; implica escuchar activamente, preguntar c\u00f3mo se siente el ni\u00f1o y celebrar sus logros, por peque\u00f1os que sean.<\/p>\n\n\n\n<h2 class=\"wp-block-heading\"><strong>Estrategias pr\u00e1cticas para los padres<\/strong><\/h2>\n\n\n\n<ol start=\"1\" class=\"wp-block-list\">\n<li><strong>Establecer rutinas claras:<\/strong> horarios de sue\u00f1o, alimentaci\u00f3n y estudio que den estabilidad.<\/li>\n\n\n\n<li><strong>Crear espacios de di\u00e1logo:<\/strong> dedicar unos minutos diarios a conversar sobre experiencias en la escuela.<\/li>\n\n\n\n<li><strong>Fomentar autonom\u00eda:<\/strong> permitir que los hijos organicen sus materiales o planifiquen sus tiempos.<\/li>\n\n\n\n<li><strong>Reforzar valores en casa:<\/strong> coherencia entre lo que se vive en el hogar y lo que se ense\u00f1a en el colegio.<\/li>\n<\/ol>\n\n\n\n<h2 class=\"wp-block-heading\"><strong>El rol de Colegio Plenus<\/strong><\/h2>\n\n\n\n<p class=\"wp-block-paragraph\">El colegio ofrece un modelo educativo basado en liderazgo y valores, lo cual requiere la participaci\u00f3n activa de las familias. Padres y docentes forman un equipo que trabaja en conjunto para que los estudiantes desarrollen su m\u00e1ximo potencial.<\/p>\n\n\n\n<hr class=\"wp-block-separator has-alpha-channel-opacity\"\/>\n\n\n\n<h2 class=\"wp-block-heading\"><strong>Preguntas frecuentes (FAQ)<\/strong><\/h2>\n\n\n\n<p class=\"wp-block-paragraph\"><strong>1. \u00bfC\u00f3mo puedo motivar a mi hijo si no quiere regresar a clases?<\/strong><br>Se recomienda enfocarse en lo positivo: los amigos, las actividades favoritas o las oportunidades de aprender cosas nuevas. Tambi\u00e9n es \u00fatil validar sus emociones y hablar de c\u00f3mo superar el des\u00e1nimo.<\/p>\n\n\n\n<p class=\"wp-block-paragraph\"><strong>2. \u00bfQu\u00e9 papel debo tener en la tarea y los estudios?<\/strong><br>El padre o madre no debe hacer la tarea por el hijo, sino ofrecer un espacio adecuado, acompa\u00f1ar con preguntas orientadoras y estar disponible para aclarar dudas.<\/p>\n\n\n\n<p class=\"wp-block-paragraph\"><strong>3. \u00bfQu\u00e9 hacer si noto ansiedad o miedo en mi hijo?<\/strong><br>Escuchar sin juzgar, mantener la calma y, si es necesario, comunicarlo al colegio para buscar estrategias conjuntas de apoyo emocional.<\/p>\n","protected":false},"excerpt":{"rendered":"<p>La perspectiva de los padres Para los padres de familia, el regreso a clases significa mucho m\u00e1s que preparar \u00fatiles escolares: es la oportunidad de acompa\u00f1ar a sus hijos en un proceso de crecimiento personal y acad\u00e9mico. Cada inicio de ciclo representa un momento clave para fortalecer la comunicaci\u00f3n en casa y reforzar valores que [&hellip;]<\/p>\n","protected":false},"author":1,"featured_media":8152,"comment_status":"closed","ping_status":"open","sticky":false,"template":"","format":"standard","meta":{"_acf_changed":false,"iawp_total_views":11,"footnotes":""},"categories":[11],"tags":[],"class_list":["post-9959","post","type-post","status-publish","format-standard","has-post-thumbnail","hentry","category-blog2"],"acf":[],"_links":{"self":[{"href":"https:\/\/plenus.edu.mx\/blog\/wp-json\/wp\/v2\/posts\/9959","targetHints":{"allow":["GET"]}}],"collection":[{"href":"https:\/\/plenus.edu.mx\/blog\/wp-json\/wp\/v2\/posts"}],"about":[{"href":"https:\/\/plenus.edu.mx\/blog\/wp-json\/wp\/v2\/types\/post"}],"author":[{"embeddable":true,"href":"https:\/\/plenus.edu.mx\/blog\/wp-json\/wp\/v2\/users\/1"}],"replies":[{"embeddable":true,"href":"https:\/\/plenus.edu.mx\/blog\/wp-json\/wp\/v2\/comments?post=9959"}],"version-history":[{"count":1,"href":"https:\/\/plenus.edu.mx\/blog\/wp-json\/wp\/v2\/posts\/9959\/revisions"}],"predecessor-version":[{"id":9960,"href":"https:\/\/plenus.edu.mx\/blog\/wp-json\/wp\/v2\/posts\/9959\/revisions\/9960"}],"wp:featuredmedia":[{"embeddable":true,"href":"https:\/\/plenus.edu.mx\/blog\/wp-json\/wp\/v2\/media\/8152"}],"wp:attachment":[{"href":"https:\/\/plenus.edu.mx\/blog\/wp-json\/wp\/v2\/media?parent=9959"}],"wp:term":[{"taxonomy":"category","embeddable":true,"href":"https:\/\/plenus.edu.mx\/blog\/wp-json\/wp\/v2\/categories?post=9959"},{"taxonomy":"post_tag","embeddable":true,"href":"https:\/\/plenus.edu.mx\/blog\/wp-json\/wp\/v2\/tags?post=9959"}],"curies":[{"name":"wp","href":"https:\/\/api.w.org\/{rel}","templated":true}]}}